{"id":542,"date":"2014-12-22T13:11:54","date_gmt":"2014-12-22T13:11:54","guid":{"rendered":"https:\/\/www.civispro.it\/arealegale\/?p=542"},"modified":"2015-08-22T21:12:32","modified_gmt":"2015-08-22T21:12:32","slug":"bed-and-breakfast-in-condominio","status":"publish","type":"post","link":"https:\/\/www.civispro.it\/arealegale\/2014\/12\/bed-and-breakfast-in-condominio\/","title":{"rendered":"Bed and breakfast in Condominio"},"content":{"rendered":"<p style=\"text-align: justify;\"><a href=\"https:\/\/www.civispro.it\/arealegale\/wp-content\/uploads\/sites\/11\/2015\/08\/w4494.jpg\"><img decoding=\"async\" class=\"alignleft size-full wp-image-544\" src=\"https:\/\/www.civispro.it\/arealegale\/wp-content\/uploads\/sites\/11\/2015\/08\/w4494.jpg\" alt=\"w4494\" width=\"224\" height=\"200\" \/><\/a>L&#8217;esplodere del fenomeno bed and breakfast ha causato problemi all&#8217;interno dei Condom\u00ecni. L&#8217;attivit\u00e0 commerciale in essere pu\u00f2, infatti, generare disturbo per i residenti che, almeno in un&#8217;occasione,si sono rivolti al Giudice.<br \/>\nAl Condom\u00ecnio per\u00f2 il contenzioso \u00e8 andato male: scopriamo perch\u00e9.<\/p>\n<p style=\"text-align: justify;\">Traggo spunto per questo articolo dalla sentenza della Corte di Cassazione civile n. 24707\/2014.<\/p>\n<p style=\"text-align: justify;\">Con questa Sentenza la Suprema Corte si \u00e8 espressa per dichiarare le attivit\u00e0 di bed and breakfast ed affittacamere assolutamente compatibili con quelle delle civili abitazioni e non possono determinare danni per gli altri cond\u00f2mini.<\/p>\n<p style=\"text-align: justify;\">Per i suddetti motivi, l&#8217;attivit\u00e0 in questione non comporta nemmeno una variazione della destinazione e, meno che mai, una qualsiasi forma di votazione o autorizzazione da parte dell&#8217;assemblea condominiale.<\/p>\n<p style=\"text-align: justify;\">E&#8217; stato ritenuto, infatti, che la destinazione a &#8220;civile abitazione&#8221; sia proprio un presupposto per potervi svolgere un&#8217;attivit\u00e0 di bed and breakfast&#8221;.<\/p>\n<p style=\"text-align: justify;\">L&#8217;unica soluzione al fine di evitare l&#8217;utilizzo di un appartamento sito in un edificio condominiale come b&amp;b \u00e8 rappresentata dall&#8217;espresso divieto contenuto nel regolamento di condominio di avviare attivit\u00e0 di questa natura.<\/p>\n\n\n<p><center><a href=\"https:\/\/www.civispro.it\/arealegale\/modulo-di-contatto\/\"><img decoding=\"async\" id=\"reminder\" src=\"https:\/\/www.civispro.it\/arealegale\/wp-content\/themes\/mh-magazine\/images\/parerecivispro.png\" width=\"483\" height=\"51\" border=\"0\"><\/a><\/center><\/p>\n","protected":false},"excerpt":{"rendered":"<p align=\"justify\">L&#8217;esplodere del fenomeno bed and breakfast ha causato problemi all&#8217;interno dei Condom\u00ecni. L&#8217;attivit\u00e0 commerciale in essere pu\u00f2, infatti, generare disturbo per i residenti che, almeno in un&#8217;occasione,si sono rivolti al Giudice.<br \/>\nAl Condom\u00ecnio per\u00f2 il contenzioso \u00e8 andato male: scopriamo perch\u00e9.<\/p>\n","protected":false},"author":1,"featured_media":544,"comment_status":"open","ping_status":"open","sticky":false,"template":"","format":"standard","meta":{"footnotes":""},"categories":[1,23],"tags":[67,68,69,66],"class_list":["post-542","post","type-post","status-publish","format-standard","has-post-thumbnail","hentry","category-senvizi-online","category-in-condominio","tag-bed","tag-bed-and-breakfast","tag-civile-abitazione","tag-condominio","category-1","category-23","description-off"],"views":3007,"_links":{"self":[{"href":"https:\/\/www.civispro.it\/arealegale\/wp-json\/wp\/v2\/posts\/542","targetHints":{"allow":["GET"]}}],"collection":[{"href":"https:\/\/www.civispro.it\/arealegale\/wp-json\/wp\/v2\/posts"}],"about":[{"href":"https:\/\/www.civispro.it\/arealegale\/wp-json\/wp\/v2\/types\/post"}],"author":[{"embeddable":true,"href":"https:\/\/www.civispro.it\/arealegale\/wp-json\/wp\/v2\/users\/1"}],"replies":[{"embeddable":true,"href":"https:\/\/www.civispro.it\/arealegale\/wp-json\/wp\/v2\/comments?post=542"}],"version-history":[{"count":4,"href":"https:\/\/www.civispro.it\/arealegale\/wp-json\/wp\/v2\/posts\/542\/revisions"}],"predecessor-version":[{"id":547,"href":"https:\/\/www.civispro.it\/arealegale\/wp-json\/wp\/v2\/posts\/542\/revisions\/547"}],"wp:featuredmedia":[{"embeddable":true,"href":"https:\/\/www.civispro.it\/arealegale\/wp-json\/wp\/v2\/media\/544"}],"wp:attachment":[{"href":"https:\/\/www.civispro.it\/arealegale\/wp-json\/wp\/v2\/media?parent=542"}],"wp:term":[{"taxonomy":"category","embeddable":true,"href":"https:\/\/www.civispro.it\/arealegale\/wp-json\/wp\/v2\/categories?post=542"},{"taxonomy":"post_tag","embeddable":true,"href":"https:\/\/www.civispro.it\/arealegale\/wp-json\/wp\/v2\/tags?post=542"}],"curies":[{"name":"wp","href":"https:\/\/api.w.org\/{rel}","templated":true}]}}