{"id":1,"date":"2012-10-13T11:26:35","date_gmt":"2012-10-13T09:26:35","guid":{"rendered":"http:\/\/localhost\/giuslavorativa\/?p=1"},"modified":"2013-01-21T15:58:35","modified_gmt":"2013-01-21T14:58:35","slug":"ciao-mondo","status":"publish","type":"post","link":"https:\/\/www.civispro.it\/areagiuslavoristica\/ciao-mondo\/","title":{"rendered":"Congedi per i parasubordinati"},"content":{"rendered":"<p style=\"text-align: justify;\"><img decoding=\"async\" class=\"size-full wp-image-93 alignleft\" alt=\"congedi parasubor\" src=\"https:\/\/www.civispro.it\/areagiuslavoristica\/wp-content\/uploads\/sites\/13\/2013\/01\/congedi-parasubor.jpg\" width=\"220\" height=\"197\" \/>Anche per i lavoratori parasubordinati sussiste il diritto ad usufruire dell\u2019astensione obbligatoria per maternit\u00e0 (art. 64 T.U.) per la durata di due mesi prima della data presunta del parto e tre mesi dopo la nascita del bambino.<\/p>\n<p style=\"text-align: justify;\">Il legislatore (con D.M. 12\/07\/2007) ha previsto sia l\u2019estensione ai committenti del divieto di adibire al lavoro le lavoratrici a progetto iscritte alla gestione separata dell\u2019Inps per i periodi di astensione obbligatoria previsti dall\u2019art. 16 T.U., sia il diritto all\u2019anticipazione o al prolungamento dell\u2019astensione nei casi previsti dalla legge.<\/p>\n<p style=\"text-align: justify;\">Per poter avere diritto all\u2019erogazione dell\u2019indennit\u00e0 di maternit\u00e0, la lavoratrice deve aver maturato nei 12 mesi precedenti l\u2019inizio del periodo di indennizzo, almeno 3 mensilit\u00e0 di contribuzione in gestione separata.<\/p>\n<p style=\"text-align: justify;\">Le lavoratrici a progetto hanno diritto alla proroga del rapporto di lavoro per un periodo di 180 giorni (salva la previsione pi\u00f9 favorevole nel contratto).<\/p>\n<p style=\"text-align: justify;\">L\u2019indennit\u00e0 di paternit\u00e0 spetta al lavoratore nei casi di morte o grave infermit\u00e0 della madre, abbandono del figlio o affidamento esclusivo, sempre che vengano rispettati i requisiti minimi di contribuzione.<\/p>\n<p style=\"text-align: justify;\">Per quanto riguarda il congedo parentale spetta un trattamento economico per un periodo di 3 mesi, entro il primo anno di vita del bambino, pari al 30% del reddito preso a riferimento per la corresponsione dell\u2019indennit\u00e0 di maternit\u00e0, sempre tendendo conto dei tre mesi di contribuzione versati negli ultimi 12 mesi.<\/p>\n","protected":false},"excerpt":{"rendered":"<p style=\"text-align: justify;\">Il legislatore ha esteso nel tempo alcuni strumenti a sostegno della famiglia anche ai lavoratori parasubordinati. Facciamo una breve disamina sull&#8217;argomento dei congedi di maternit\u00e0, paternit\u00e0 e  parentali. In particolare individuiamo i tempi e le indennit\u00e0 spettanti.<\/p>\n","protected":false},"author":11,"featured_media":93,"comment_status":"open","ping_status":"open","sticky":false,"template":"","format":"standard","meta":{"footnotes":""},"categories":[17,20],"tags":[],"class_list":["post-1","post","type-post","status-publish","format-standard","has-post-thumbnail","hentry","category-previdenza-sociale","category-sostegno-alla-famiglia","category-17","category-20","description-off"],"views":1845,"_links":{"self":[{"href":"https:\/\/www.civispro.it\/areagiuslavoristica\/wp-json\/wp\/v2\/posts\/1","targetHints":{"allow":["GET"]}}],"collection":[{"href":"https:\/\/www.civispro.it\/areagiuslavoristica\/wp-json\/wp\/v2\/posts"}],"about":[{"href":"https:\/\/www.civispro.it\/areagiuslavoristica\/wp-json\/wp\/v2\/types\/post"}],"author":[{"embeddable":true,"href":"https:\/\/www.civispro.it\/areagiuslavoristica\/wp-json\/wp\/v2\/users\/11"}],"replies":[{"embeddable":true,"href":"https:\/\/www.civispro.it\/areagiuslavoristica\/wp-json\/wp\/v2\/comments?post=1"}],"version-history":[{"count":16,"href":"https:\/\/www.civispro.it\/areagiuslavoristica\/wp-json\/wp\/v2\/posts\/1\/revisions"}],"predecessor-version":[{"id":173,"href":"https:\/\/www.civispro.it\/areagiuslavoristica\/wp-json\/wp\/v2\/posts\/1\/revisions\/173"}],"wp:featuredmedia":[{"embeddable":true,"href":"https:\/\/www.civispro.it\/areagiuslavoristica\/wp-json\/wp\/v2\/media\/93"}],"wp:attachment":[{"href":"https:\/\/www.civispro.it\/areagiuslavoristica\/wp-json\/wp\/v2\/media?parent=1"}],"wp:term":[{"taxonomy":"category","embeddable":true,"href":"https:\/\/www.civispro.it\/areagiuslavoristica\/wp-json\/wp\/v2\/categories?post=1"},{"taxonomy":"post_tag","embeddable":true,"href":"https:\/\/www.civispro.it\/areagiuslavoristica\/wp-json\/wp\/v2\/tags?post=1"}],"curies":[{"name":"wp","href":"https:\/\/api.w.org\/{rel}","templated":true}]}}