{"id":2905,"date":"2015-09-30T10:50:50","date_gmt":"2015-09-30T10:50:50","guid":{"rendered":"https:\/\/www.civispro.it\/areafinanziaria\/?p=2905"},"modified":"2015-09-30T10:50:50","modified_gmt":"2015-09-30T10:50:50","slug":"euro-torna-linflazione-negativa","status":"publish","type":"post","link":"https:\/\/www.civispro.it\/areafinanziaria\/euro-torna-linflazione-negativa\/","title":{"rendered":"Euro: torna l&#8217;inflazione negativa"},"content":{"rendered":"<p style=\"text-align: justify;\"><a href=\"https:\/\/www.civispro.it\/areafinanziaria\/wp-content\/uploads\/sites\/12\/2015\/09\/images20.jpg\"><img fetchpriority=\"high\" decoding=\"async\" class=\"alignleft wp-image-2906\" src=\"https:\/\/www.civispro.it\/areafinanziaria\/wp-content\/uploads\/sites\/12\/2015\/09\/images20.jpg\" alt=\"euro, euro, euro, euro, euro, euro, euro, euro, euro, euro, euro, euro\" width=\"326\" height=\"217\" \/><\/a>Il tasso di inflazione nell&#8217;area dell&#8217;euro inaspettatamente \u00e8 diventato negativo nel mese di settembre, per la prima volta in sei mesi, aggiungendo pressione sulla Banca centrale europea incapace di sostenere il giusto stimolo economico.\u00a0I prezzi al consumo nella valuta europea\u00a0sono sceso dello 0,1 per cento rispetto all&#8217;anno precedente, secondo un rapporto preliminare pubblicato dall&#8217;ufficio di statistica dell&#8217;Unione europea in\u00a0Lussemburgo\u00a0questo mercoled\u00ec. La disoccupazione nella regione \u00e8 rimasta invariata in agosto all&#8217;11 per cento. Mentre i prezzi in\u00a0calo sono in gran parte una conseguenza del prezzo dell&#8217;energia pi\u00f9 economico, i politici, tra cui il presidente della Bce Mario Draghi hanno segnalato che potrebbero ampliare il quantitative easing, se necessario, per evitare la deflazione. Due terzi degli economisti in un&#8217;indagine di Bloomberg questo mese dicono che la BCE aggiungere al\u00a0suo piano\u00a01.100 miliardi di euro per l&#8217;acquisto\u00a0di asset.<\/p>\n<div data-view-uid=\"1|0_5_1_5\"><\/div>\n<p style=\"text-align: justify;\">&#8220;La debolezza dell&#8217;inflazione sembra essere un tilt\u00a0temporaneo dovuto al prezzo del petrolio,&#8221; Johannes Gareis, economista presso Natixis SA a Francoforte, ha affermato in un\u00a0rapporto. &#8220;Alla luce della mancanza di una pressione inflazionistica rilevante, la BCE dovrebbe intensificare un\u00a0ulteriore stimolo monetario&#8221;. L&#8217;Eurostat ha dichiarato che \u00a0i prezzi dell&#8217;energia sono diminuiti dell&#8217;8,9 per cento in settembre rispetto all&#8217;anno precedente, . L&#8217;inflazione di fondo, che mette a nudo gli elementi volatili come cibo ed energia, \u00e8\u00a0rimasta invariata\u00a0all&#8217; 0,9 per cento.\u00a0In Spagna, i prezzi al consumo sono\u00a0sceso dell&#8217;1,2 per cento rispetto all&#8217;anno precedente nel mese di settembre, quasi il doppio di quanto gli economisti prevedevano, mentre il tasso di inflazione in Germania inaspettatamente \u00e8 diventato negativo per la prima volta in otto mesi.<\/p>\n<h3>Preoccupazioni per i Prezzi in area Euro<\/h3>\n<p style=\"text-align: justify;\"><a href=\"https:\/\/www.civispro.it\/areafinanziaria\/wp-content\/uploads\/sites\/12\/2015\/09\/images-117.jpg\"><img decoding=\"async\" class=\"alignleft wp-image-2907 size-full\" src=\"https:\/\/www.civispro.it\/areafinanziaria\/wp-content\/uploads\/sites\/12\/2015\/09\/images-117.jpg\" alt=\"euro, euro, euro, euro, euro, euro, euro, \" width=\"271\" height=\"186\" \/><\/a>La battuta d&#8217;arresto tuttavia si presenta come il recupero della zona euro che mostra segni di rafforzamento. La fiducia economica \u00e8 aumentata in modo imprevisto nel mese di settembre pi\u00f9 alta in pi\u00f9 di quattro anni; il sentiment nei settori dell&#8217;industria e dei servizi migliora in questo ultimo mese. Un indicatore di attivit\u00e0 economica indica un tasso di 0,4 per cento di espansione nel terzo trimestre, tra ordini in aumento e gli arretrati di lavoro.\u00a0Anche cos\u00ec, la disoccupazione \u00e8 in calo solo lentamente dal picco 12,1 per cento raggiunto nel 2013. Il tasso di disoccupazione della regione \u00e8 sceso meno di quanto inizialmente riportato nel mese di luglio ed \u00e8 rimasta invariato nel mese di agosto, secondo il rapporto di Eurostat.I salari non faranno\u00a0che aumentare a un ritmo moderato fra crescita debole e un graduale calo della disoccupazione, ha detto Michael Schubert, economista presso Commerzbank AG di Francoforte.<\/p>\n<p style=\"text-align: justify;\">&#8220;Draghi ha sottolineato pi\u00f9 volte che, se le prospettive economiche e di inflazione sono deteriorati ancora una volta, la banca centrale avrebbe preso ulteriori misure&#8221;, ha detto.&#8221;Questo \u00e8 probabile che si verifichi a nostro avviso, infatti sia la crescita che l&#8217;inflazione core dovrebbe essere di circa mezzo punto percentuale inferiore nel 2016 rispetto alla previsione della BCE attualmente.&#8221;\u00a0Nel mese di settembre, la BCE ha previsto un&#8217;espansione economica dell&#8217;1,7 per cento l&#8217;anno prossimo e un tasso di inflazione del 1,1 per cento.<\/p>\n<p style=\"text-align: justify;\">fonte Bloomberg<\/p>\n<p><a href=\"http:\/\/www.professioneforex.com\/255-2-1-28.html\" target=\"_blank\" rel=\"noopener\"><img decoding=\"async\" style=\"border: 0px;\" src=\"http:\/\/www.professioneforex.com\/idevaffiliate\/media\/banners\/ADWORDS PFX omaggio 250x250.jpg\" alt=\"\" width=\"250\" height=\"250\" \/><\/a><\/p>\n\n\n<p><center><a href=\"https:\/\/www.civispro.it\/areafinanziaria\/consulenza-finanziaria-richiesta-preventivo-gratuito\/\"><img loading=\"lazy\" decoding=\"async\" id=\"reminder\" src=\"https:\/\/www.civispro.it\/areafinanziaria\/consigliocivispro.png\" width=\"483\" height=\"51\" border=\"0\"><\/a><\/center><\/p>\n","protected":false},"excerpt":{"rendered":"<p style=\"text-align: justify;\">Il tasso di inflazione nell&#8217;area dell&#8217;euro inaspettatamente \u00e8 diventato negativo nel mese di settembre, per la prima volta in sei mesi, aggiungendo pressione sulla Banca centrale europea incapace di sostenere il giusto stimolo economico. I prezzi al consumo nella valuta europea sono sceso dello 0,1 per cento rispetto all&#8217;anno precedente, secondo un rapporto preliminare pubblicato dall&#8217;ufficio di statistica dell&#8217;Unione europea in Lussemburgo questo mercoled\u00ec. La disoccupazione nella regione \u00e8 rimasta invariata in agosto all&#8217;11 per cento. <\/p>\n","protected":false},"author":3,"featured_media":0,"comment_status":"closed","ping_status":"closed","sticky":false,"template":"","format":"standard","meta":{"footnotes":""},"categories":[130,39],"tags":[64,47,58],"class_list":["post-2905","post","type-post","status-publish","format-standard","hentry","category-analisi-di-mercato","category-forex-analisi-di-mercato","tag-euro","tag-news","tag-politica-economica","category-130","category-39","description-off"],"views":1392,"_links":{"self":[{"href":"https:\/\/www.civispro.it\/areafinanziaria\/wp-json\/wp\/v2\/posts\/2905","targetHints":{"allow":["GET"]}}],"collection":[{"href":"https:\/\/www.civispro.it\/areafinanziaria\/wp-json\/wp\/v2\/posts"}],"about":[{"href":"https:\/\/www.civispro.it\/areafinanziaria\/wp-json\/wp\/v2\/types\/post"}],"author":[{"embeddable":true,"href":"https:\/\/www.civispro.it\/areafinanziaria\/wp-json\/wp\/v2\/users\/3"}],"replies":[{"embeddable":true,"href":"https:\/\/www.civispro.it\/areafinanziaria\/wp-json\/wp\/v2\/comments?post=2905"}],"version-history":[{"count":12,"href":"https:\/\/www.civispro.it\/areafinanziaria\/wp-json\/wp\/v2\/posts\/2905\/revisions"}],"predecessor-version":[{"id":2920,"href":"https:\/\/www.civispro.it\/areafinanziaria\/wp-json\/wp\/v2\/posts\/2905\/revisions\/2920"}],"wp:attachment":[{"href":"https:\/\/www.civispro.it\/areafinanziaria\/wp-json\/wp\/v2\/media?parent=2905"}],"wp:term":[{"taxonomy":"category","embeddable":true,"href":"https:\/\/www.civispro.it\/areafinanziaria\/wp-json\/wp\/v2\/categories?post=2905"},{"taxonomy":"post_tag","embeddable":true,"href":"https:\/\/www.civispro.it\/areafinanziaria\/wp-json\/wp\/v2\/tags?post=2905"}],"curies":[{"name":"wp","href":"https:\/\/api.w.org\/{rel}","templated":true}]}}